{"id":338,"date":"2021-02-07T14:24:00","date_gmt":"2021-02-07T13:24:00","guid":{"rendered":"https:\/\/www.diocese-montauban.fr\/verdun\/?p=338"},"modified":"2021-02-17T14:31:03","modified_gmt":"2021-02-17T13:31:03","slug":"messe-de-saint-blaise-2021-a-gimat","status":"publish","type":"post","link":"https:\/\/www.diocese-montauban.fr\/verdun\/actualites\/messe-de-saint-blaise-2021-a-gimat\/","title":{"rendered":"Messe de Saint-Blaise 2021 \u00e0 Gimat"},"content":{"rendered":"\n<p>Ce dimanche les fid\u00e8les du secteur pastoral d&#8217;Esparsac se retrouvent pour la traditionnelle messe de Saint-Blaise en l&#8217;\u00e9glise de Gimat. Une \u00e9glise remplie bien s\u00fbr car avec les restrictions sanitaires en vigueur il n&#8217;y a qu&#8217;un tiers des places disponibles ce qui prive de nombreuses personnes de c\u00e9r\u00e9monie. Celle-ci \u00e9tait comme \u00e0 l&#8217;habitude c\u00e9l\u00e9br\u00e9e en occitan par le P\u00e8re Georges Passerat accompagn\u00e9 de la chorale du secteur d&#8217;Esparsac anim\u00e9e par Rose-May et Marilys avec Robby \u00e0 la guitare et Michel \u00e0 l&#8217;orgue.<\/p>\n\n\n\n<figure class=\"wp-block-gallery columns-3 is-cropped wp-block-gallery-1 is-layout-flex wp-block-gallery-is-layout-flex\"><ul class=\"blocks-gallery-grid\"><li class=\"blocks-gallery-item\"><figure><img fetchpriority=\"high\" decoding=\"async\" width=\"1024\" height=\"768\" src=\"https:\/\/www.diocese-montauban.fr\/verdun\/wp-content\/uploads\/sites\/5\/2021\/02\/img-2916.jpg\" alt=\"\" data-id=\"339\" data-full-url=\"https:\/\/www.diocese-montauban.fr\/verdun\/wp-content\/uploads\/sites\/5\/2021\/02\/img-2916.jpg\" data-link=\"https:\/\/www.diocese-montauban.fr\/verdun\/?attachment_id=339\" class=\"wp-image-339\" srcset=\"https:\/\/www.diocese-montauban.fr\/verdun\/wp-content\/uploads\/sites\/5\/2021\/02\/img-2916.jpg 1024w, https:\/\/www.diocese-montauban.fr\/verdun\/wp-content\/uploads\/sites\/5\/2021\/02\/img-2916-600x450.jpg 600w, https:\/\/www.diocese-montauban.fr\/verdun\/wp-content\/uploads\/sites\/5\/2021\/02\/img-2916-768x576.jpg 768w\" sizes=\"(max-width: 1024px) 100vw, 1024px\" \/><\/figure><\/li><li class=\"blocks-gallery-item\"><figure><img decoding=\"async\" width=\"1024\" height=\"768\" src=\"https:\/\/www.diocese-montauban.fr\/verdun\/wp-content\/uploads\/sites\/5\/2021\/02\/img-2919.jpg\" alt=\"\" data-id=\"340\" data-full-url=\"https:\/\/www.diocese-montauban.fr\/verdun\/wp-content\/uploads\/sites\/5\/2021\/02\/img-2919.jpg\" data-link=\"https:\/\/www.diocese-montauban.fr\/verdun\/?attachment_id=340\" class=\"wp-image-340\" srcset=\"https:\/\/www.diocese-montauban.fr\/verdun\/wp-content\/uploads\/sites\/5\/2021\/02\/img-2919.jpg 1024w, https:\/\/www.diocese-montauban.fr\/verdun\/wp-content\/uploads\/sites\/5\/2021\/02\/img-2919-600x450.jpg 600w, https:\/\/www.diocese-montauban.fr\/verdun\/wp-content\/uploads\/sites\/5\/2021\/02\/img-2919-768x576.jpg 768w\" sizes=\"(max-width: 1024px) 100vw, 1024px\" \/><\/figure><\/li><li class=\"blocks-gallery-item\"><figure><img decoding=\"async\" width=\"1024\" height=\"768\" src=\"https:\/\/www.diocese-montauban.fr\/verdun\/wp-content\/uploads\/sites\/5\/2021\/02\/img-2940.jpg\" alt=\"\" data-id=\"343\" data-full-url=\"https:\/\/www.diocese-montauban.fr\/verdun\/wp-content\/uploads\/sites\/5\/2021\/02\/img-2940.jpg\" data-link=\"https:\/\/www.diocese-montauban.fr\/verdun\/?attachment_id=343\" class=\"wp-image-343\" srcset=\"https:\/\/www.diocese-montauban.fr\/verdun\/wp-content\/uploads\/sites\/5\/2021\/02\/img-2940.jpg 1024w, https:\/\/www.diocese-montauban.fr\/verdun\/wp-content\/uploads\/sites\/5\/2021\/02\/img-2940-600x450.jpg 600w, https:\/\/www.diocese-montauban.fr\/verdun\/wp-content\/uploads\/sites\/5\/2021\/02\/img-2940-768x576.jpg 768w\" sizes=\"(max-width: 1024px) 100vw, 1024px\" \/><figcaption class=\"blocks-gallery-item__caption\">L&#8217;assembl\u00e9e et les animateurs.<\/figcaption><\/figure><\/li><li class=\"blocks-gallery-item\"><figure><img loading=\"lazy\" decoding=\"async\" width=\"1024\" height=\"768\" src=\"https:\/\/www.diocese-montauban.fr\/verdun\/wp-content\/uploads\/sites\/5\/2021\/02\/img-2991.jpg\" alt=\"\" data-id=\"356\" data-full-url=\"https:\/\/www.diocese-montauban.fr\/verdun\/wp-content\/uploads\/sites\/5\/2021\/02\/img-2991.jpg\" data-link=\"https:\/\/www.diocese-montauban.fr\/verdun\/?attachment_id=356\" class=\"wp-image-356\" srcset=\"https:\/\/www.diocese-montauban.fr\/verdun\/wp-content\/uploads\/sites\/5\/2021\/02\/img-2991.jpg 1024w, https:\/\/www.diocese-montauban.fr\/verdun\/wp-content\/uploads\/sites\/5\/2021\/02\/img-2991-600x450.jpg 600w, https:\/\/www.diocese-montauban.fr\/verdun\/wp-content\/uploads\/sites\/5\/2021\/02\/img-2991-768x576.jpg 768w\" sizes=\"(max-width: 1024px) 100vw, 1024px\" \/><figcaption class=\"blocks-gallery-item__caption\">L&#8217;assembl\u00e9e et les animateurs.<\/figcaption><\/figure><\/li><li class=\"blocks-gallery-item\"><figure><img loading=\"lazy\" decoding=\"async\" width=\"1024\" height=\"768\" src=\"https:\/\/www.diocese-montauban.fr\/verdun\/wp-content\/uploads\/sites\/5\/2021\/02\/img-2938.jpg\" alt=\"\" data-id=\"342\" data-full-url=\"https:\/\/www.diocese-montauban.fr\/verdun\/wp-content\/uploads\/sites\/5\/2021\/02\/img-2938.jpg\" data-link=\"https:\/\/www.diocese-montauban.fr\/verdun\/?attachment_id=342\" class=\"wp-image-342\" srcset=\"https:\/\/www.diocese-montauban.fr\/verdun\/wp-content\/uploads\/sites\/5\/2021\/02\/img-2938.jpg 1024w, https:\/\/www.diocese-montauban.fr\/verdun\/wp-content\/uploads\/sites\/5\/2021\/02\/img-2938-600x450.jpg 600w, https:\/\/www.diocese-montauban.fr\/verdun\/wp-content\/uploads\/sites\/5\/2021\/02\/img-2938-768x576.jpg 768w\" sizes=\"(max-width: 1024px) 100vw, 1024px\" \/><figcaption class=\"blocks-gallery-item__caption\">L&#8217;assembl\u00e9e et les animateurs.<\/figcaption><\/figure><\/li><li class=\"blocks-gallery-item\"><figure><img loading=\"lazy\" decoding=\"async\" width=\"1024\" height=\"768\" src=\"https:\/\/www.diocese-montauban.fr\/verdun\/wp-content\/uploads\/sites\/5\/2021\/02\/img-2929.jpg\" alt=\"\" data-id=\"341\" data-full-url=\"https:\/\/www.diocese-montauban.fr\/verdun\/wp-content\/uploads\/sites\/5\/2021\/02\/img-2929.jpg\" data-link=\"https:\/\/www.diocese-montauban.fr\/verdun\/?attachment_id=341\" class=\"wp-image-341\" srcset=\"https:\/\/www.diocese-montauban.fr\/verdun\/wp-content\/uploads\/sites\/5\/2021\/02\/img-2929.jpg 1024w, https:\/\/www.diocese-montauban.fr\/verdun\/wp-content\/uploads\/sites\/5\/2021\/02\/img-2929-600x450.jpg 600w, https:\/\/www.diocese-montauban.fr\/verdun\/wp-content\/uploads\/sites\/5\/2021\/02\/img-2929-768x576.jpg 768w\" sizes=\"(max-width: 1024px) 100vw, 1024px\" \/><figcaption class=\"blocks-gallery-item__caption\">L&#8217;assembl\u00e9e et les animateurs.<\/figcaption><\/figure><\/li><li class=\"blocks-gallery-item\"><figure><img loading=\"lazy\" decoding=\"async\" width=\"1024\" height=\"768\" src=\"https:\/\/www.diocese-montauban.fr\/verdun\/wp-content\/uploads\/sites\/5\/2021\/02\/img-2950.jpg\" alt=\"\" data-id=\"346\" data-full-url=\"https:\/\/www.diocese-montauban.fr\/verdun\/wp-content\/uploads\/sites\/5\/2021\/02\/img-2950.jpg\" data-link=\"https:\/\/www.diocese-montauban.fr\/verdun\/?attachment_id=346\" class=\"wp-image-346\" srcset=\"https:\/\/www.diocese-montauban.fr\/verdun\/wp-content\/uploads\/sites\/5\/2021\/02\/img-2950.jpg 1024w, https:\/\/www.diocese-montauban.fr\/verdun\/wp-content\/uploads\/sites\/5\/2021\/02\/img-2950-600x450.jpg 600w, https:\/\/www.diocese-montauban.fr\/verdun\/wp-content\/uploads\/sites\/5\/2021\/02\/img-2950-768x576.jpg 768w\" sizes=\"(max-width: 1024px) 100vw, 1024px\" \/><figcaption class=\"blocks-gallery-item__caption\">Les membres de la chorale<\/figcaption><\/figure><\/li><li class=\"blocks-gallery-item\"><figure><img loading=\"lazy\" decoding=\"async\" width=\"1024\" height=\"768\" src=\"https:\/\/www.diocese-montauban.fr\/verdun\/wp-content\/uploads\/sites\/5\/2021\/02\/img-2947.jpg\" alt=\"\" data-id=\"345\" data-full-url=\"https:\/\/www.diocese-montauban.fr\/verdun\/wp-content\/uploads\/sites\/5\/2021\/02\/img-2947.jpg\" data-link=\"https:\/\/www.diocese-montauban.fr\/verdun\/?attachment_id=345\" class=\"wp-image-345\" srcset=\"https:\/\/www.diocese-montauban.fr\/verdun\/wp-content\/uploads\/sites\/5\/2021\/02\/img-2947.jpg 1024w, https:\/\/www.diocese-montauban.fr\/verdun\/wp-content\/uploads\/sites\/5\/2021\/02\/img-2947-600x450.jpg 600w, https:\/\/www.diocese-montauban.fr\/verdun\/wp-content\/uploads\/sites\/5\/2021\/02\/img-2947-768x576.jpg 768w\" sizes=\"(max-width: 1024px) 100vw, 1024px\" \/><figcaption class=\"blocks-gallery-item__caption\">Les membres de la chorale<\/figcaption><\/figure><\/li><li class=\"blocks-gallery-item\"><figure><img loading=\"lazy\" decoding=\"async\" width=\"1024\" height=\"768\" src=\"https:\/\/www.diocese-montauban.fr\/verdun\/wp-content\/uploads\/sites\/5\/2021\/02\/img-2946.jpg\" alt=\"\" data-id=\"344\" data-full-url=\"https:\/\/www.diocese-montauban.fr\/verdun\/wp-content\/uploads\/sites\/5\/2021\/02\/img-2946.jpg\" data-link=\"https:\/\/www.diocese-montauban.fr\/verdun\/?attachment_id=344\" class=\"wp-image-344\" srcset=\"https:\/\/www.diocese-montauban.fr\/verdun\/wp-content\/uploads\/sites\/5\/2021\/02\/img-2946.jpg 1024w, https:\/\/www.diocese-montauban.fr\/verdun\/wp-content\/uploads\/sites\/5\/2021\/02\/img-2946-600x450.jpg 600w, https:\/\/www.diocese-montauban.fr\/verdun\/wp-content\/uploads\/sites\/5\/2021\/02\/img-2946-768x576.jpg 768w\" sizes=\"(max-width: 1024px) 100vw, 1024px\" \/><figcaption class=\"blocks-gallery-item__caption\">Accueil du P\u00e8re Georges Passerat, lecture du livre de Job et Psaume<\/figcaption><\/figure><\/li><li class=\"blocks-gallery-item\"><figure><img loading=\"lazy\" decoding=\"async\" width=\"1024\" height=\"768\" src=\"https:\/\/www.diocese-montauban.fr\/verdun\/wp-content\/uploads\/sites\/5\/2021\/02\/img-2951.jpg\" alt=\"\" data-id=\"349\" data-full-url=\"https:\/\/www.diocese-montauban.fr\/verdun\/wp-content\/uploads\/sites\/5\/2021\/02\/img-2951.jpg\" data-link=\"https:\/\/www.diocese-montauban.fr\/verdun\/?attachment_id=349\" class=\"wp-image-349\" srcset=\"https:\/\/www.diocese-montauban.fr\/verdun\/wp-content\/uploads\/sites\/5\/2021\/02\/img-2951.jpg 1024w, https:\/\/www.diocese-montauban.fr\/verdun\/wp-content\/uploads\/sites\/5\/2021\/02\/img-2951-600x450.jpg 600w, https:\/\/www.diocese-montauban.fr\/verdun\/wp-content\/uploads\/sites\/5\/2021\/02\/img-2951-768x576.jpg 768w\" sizes=\"(max-width: 1024px) 100vw, 1024px\" \/><figcaption class=\"blocks-gallery-item__caption\">Accueil du P\u00e8re Georges Passerat, lecture du livre de Job et Psaume<\/figcaption><\/figure><\/li><li class=\"blocks-gallery-item\"><figure><img loading=\"lazy\" decoding=\"async\" width=\"1024\" height=\"768\" src=\"https:\/\/www.diocese-montauban.fr\/verdun\/wp-content\/uploads\/sites\/5\/2021\/02\/img-2964.jpg\" alt=\"\" data-id=\"352\" data-full-url=\"https:\/\/www.diocese-montauban.fr\/verdun\/wp-content\/uploads\/sites\/5\/2021\/02\/img-2964.jpg\" data-link=\"https:\/\/www.diocese-montauban.fr\/verdun\/?attachment_id=352\" class=\"wp-image-352\" srcset=\"https:\/\/www.diocese-montauban.fr\/verdun\/wp-content\/uploads\/sites\/5\/2021\/02\/img-2964.jpg 1024w, https:\/\/www.diocese-montauban.fr\/verdun\/wp-content\/uploads\/sites\/5\/2021\/02\/img-2964-600x450.jpg 600w, https:\/\/www.diocese-montauban.fr\/verdun\/wp-content\/uploads\/sites\/5\/2021\/02\/img-2964-768x576.jpg 768w\" sizes=\"(max-width: 1024px) 100vw, 1024px\" \/><figcaption class=\"blocks-gallery-item__caption\">Accueil du P\u00e8re Georges Passerat, lecture du livre de Job et Psaume<\/figcaption><\/figure><\/li><li class=\"blocks-gallery-item\"><figure><img loading=\"lazy\" decoding=\"async\" width=\"1024\" height=\"768\" src=\"https:\/\/www.diocese-montauban.fr\/verdun\/wp-content\/uploads\/sites\/5\/2021\/02\/img-2955.jpg\" alt=\"\" data-id=\"350\" data-full-url=\"https:\/\/www.diocese-montauban.fr\/verdun\/wp-content\/uploads\/sites\/5\/2021\/02\/img-2955.jpg\" data-link=\"https:\/\/www.diocese-montauban.fr\/verdun\/?attachment_id=350\" class=\"wp-image-350\" srcset=\"https:\/\/www.diocese-montauban.fr\/verdun\/wp-content\/uploads\/sites\/5\/2021\/02\/img-2955.jpg 1024w, https:\/\/www.diocese-montauban.fr\/verdun\/wp-content\/uploads\/sites\/5\/2021\/02\/img-2955-600x450.jpg 600w, https:\/\/www.diocese-montauban.fr\/verdun\/wp-content\/uploads\/sites\/5\/2021\/02\/img-2955-768x576.jpg 768w\" sizes=\"(max-width: 1024px) 100vw, 1024px\" \/><figcaption class=\"blocks-gallery-item__caption\">Proclamation de l&#8217;\u00c9vangile, Hom\u00e9lie et Pri\u00e8re Universelle<\/figcaption><\/figure><\/li><li class=\"blocks-gallery-item\"><figure><img loading=\"lazy\" decoding=\"async\" width=\"1024\" height=\"768\" src=\"https:\/\/www.diocese-montauban.fr\/verdun\/wp-content\/uploads\/sites\/5\/2021\/02\/img-2958.jpg\" alt=\"\" data-id=\"351\" data-full-url=\"https:\/\/www.diocese-montauban.fr\/verdun\/wp-content\/uploads\/sites\/5\/2021\/02\/img-2958.jpg\" data-link=\"https:\/\/www.diocese-montauban.fr\/verdun\/?attachment_id=351\" class=\"wp-image-351\" srcset=\"https:\/\/www.diocese-montauban.fr\/verdun\/wp-content\/uploads\/sites\/5\/2021\/02\/img-2958.jpg 1024w, https:\/\/www.diocese-montauban.fr\/verdun\/wp-content\/uploads\/sites\/5\/2021\/02\/img-2958-600x450.jpg 600w, https:\/\/www.diocese-montauban.fr\/verdun\/wp-content\/uploads\/sites\/5\/2021\/02\/img-2958-768x576.jpg 768w\" sizes=\"(max-width: 1024px) 100vw, 1024px\" \/><figcaption class=\"blocks-gallery-item__caption\">Proclamation de l&#8217;\u00c9vangile, Hom\u00e9lie et Pri\u00e8re Universelle<\/figcaption><\/figure><\/li><li class=\"blocks-gallery-item\"><figure><img loading=\"lazy\" decoding=\"async\" width=\"1024\" height=\"768\" src=\"https:\/\/www.diocese-montauban.fr\/verdun\/wp-content\/uploads\/sites\/5\/2021\/02\/img-2973.jpg\" alt=\"\" data-id=\"353\" data-full-url=\"https:\/\/www.diocese-montauban.fr\/verdun\/wp-content\/uploads\/sites\/5\/2021\/02\/img-2973.jpg\" data-link=\"https:\/\/www.diocese-montauban.fr\/verdun\/?attachment_id=353\" class=\"wp-image-353\" srcset=\"https:\/\/www.diocese-montauban.fr\/verdun\/wp-content\/uploads\/sites\/5\/2021\/02\/img-2973.jpg 1024w, https:\/\/www.diocese-montauban.fr\/verdun\/wp-content\/uploads\/sites\/5\/2021\/02\/img-2973-600x450.jpg 600w, https:\/\/www.diocese-montauban.fr\/verdun\/wp-content\/uploads\/sites\/5\/2021\/02\/img-2973-768x576.jpg 768w\" sizes=\"(max-width: 1024px) 100vw, 1024px\" \/><figcaption class=\"blocks-gallery-item__caption\">B\u00e9n\u00e9diction des pains et c\u00e9l\u00e9bration de l&#8217;Eucharistie<\/figcaption><\/figure><\/li><li class=\"blocks-gallery-item\"><figure><img loading=\"lazy\" decoding=\"async\" width=\"1024\" height=\"768\" src=\"https:\/\/www.diocese-montauban.fr\/verdun\/wp-content\/uploads\/sites\/5\/2021\/02\/img-2984.jpg\" alt=\"\" data-id=\"354\" data-full-url=\"https:\/\/www.diocese-montauban.fr\/verdun\/wp-content\/uploads\/sites\/5\/2021\/02\/img-2984.jpg\" data-link=\"https:\/\/www.diocese-montauban.fr\/verdun\/?attachment_id=354\" class=\"wp-image-354\" srcset=\"https:\/\/www.diocese-montauban.fr\/verdun\/wp-content\/uploads\/sites\/5\/2021\/02\/img-2984.jpg 1024w, https:\/\/www.diocese-montauban.fr\/verdun\/wp-content\/uploads\/sites\/5\/2021\/02\/img-2984-600x450.jpg 600w, https:\/\/www.diocese-montauban.fr\/verdun\/wp-content\/uploads\/sites\/5\/2021\/02\/img-2984-768x576.jpg 768w\" sizes=\"(max-width: 1024px) 100vw, 1024px\" \/><figcaption class=\"blocks-gallery-item__caption\">B\u00e9n\u00e9diction des pains et c\u00e9l\u00e9bration de l&#8217;Eucharistie<\/figcaption><\/figure><\/li><li class=\"blocks-gallery-item\"><figure><img loading=\"lazy\" decoding=\"async\" width=\"1024\" height=\"768\" src=\"https:\/\/www.diocese-montauban.fr\/verdun\/wp-content\/uploads\/sites\/5\/2021\/02\/img-2986.jpg\" alt=\"\" data-id=\"355\" data-full-url=\"https:\/\/www.diocese-montauban.fr\/verdun\/wp-content\/uploads\/sites\/5\/2021\/02\/img-2986.jpg\" data-link=\"https:\/\/www.diocese-montauban.fr\/verdun\/?attachment_id=355\" class=\"wp-image-355\" srcset=\"https:\/\/www.diocese-montauban.fr\/verdun\/wp-content\/uploads\/sites\/5\/2021\/02\/img-2986.jpg 1024w, https:\/\/www.diocese-montauban.fr\/verdun\/wp-content\/uploads\/sites\/5\/2021\/02\/img-2986-600x450.jpg 600w, https:\/\/www.diocese-montauban.fr\/verdun\/wp-content\/uploads\/sites\/5\/2021\/02\/img-2986-768x576.jpg 768w\" sizes=\"(max-width: 1024px) 100vw, 1024px\" \/><figcaption class=\"blocks-gallery-item__caption\">B\u00e9n\u00e9diction des pains et c\u00e9l\u00e9bration de l&#8217;Eucharistie<\/figcaption><\/figure><\/li><li class=\"blocks-gallery-item\"><figure><img loading=\"lazy\" decoding=\"async\" width=\"1024\" height=\"768\" src=\"https:\/\/www.diocese-montauban.fr\/verdun\/wp-content\/uploads\/sites\/5\/2021\/02\/img-2993.jpg\" alt=\"\" data-id=\"357\" data-full-url=\"https:\/\/www.diocese-montauban.fr\/verdun\/wp-content\/uploads\/sites\/5\/2021\/02\/img-2993.jpg\" data-link=\"https:\/\/www.diocese-montauban.fr\/verdun\/?attachment_id=357\" class=\"wp-image-357\" srcset=\"https:\/\/www.diocese-montauban.fr\/verdun\/wp-content\/uploads\/sites\/5\/2021\/02\/img-2993.jpg 1024w, https:\/\/www.diocese-montauban.fr\/verdun\/wp-content\/uploads\/sites\/5\/2021\/02\/img-2993-600x450.jpg 600w, https:\/\/www.diocese-montauban.fr\/verdun\/wp-content\/uploads\/sites\/5\/2021\/02\/img-2993-768x576.jpg 768w\" sizes=\"(max-width: 1024px) 100vw, 1024px\" \/><\/figure><\/li><li class=\"blocks-gallery-item\"><figure><img loading=\"lazy\" decoding=\"async\" width=\"1024\" height=\"768\" src=\"https:\/\/www.diocese-montauban.fr\/verdun\/wp-content\/uploads\/sites\/5\/2021\/02\/img-2995.jpg\" alt=\"\" data-id=\"358\" data-full-url=\"https:\/\/www.diocese-montauban.fr\/verdun\/wp-content\/uploads\/sites\/5\/2021\/02\/img-2995.jpg\" data-link=\"https:\/\/www.diocese-montauban.fr\/verdun\/?attachment_id=358\" class=\"wp-image-358\" srcset=\"https:\/\/www.diocese-montauban.fr\/verdun\/wp-content\/uploads\/sites\/5\/2021\/02\/img-2995.jpg 1024w, https:\/\/www.diocese-montauban.fr\/verdun\/wp-content\/uploads\/sites\/5\/2021\/02\/img-2995-600x450.jpg 600w, https:\/\/www.diocese-montauban.fr\/verdun\/wp-content\/uploads\/sites\/5\/2021\/02\/img-2995-768x576.jpg 768w\" sizes=\"(max-width: 1024px) 100vw, 1024px\" \/><\/figure><\/li><\/ul><\/figure>\n\n\n\n<p><\/p>\n\n\n\n<figure class=\"wp-block-embed is-type-video is-provider-youtube wp-block-embed-youtube wp-embed-aspect-16-9 wp-has-aspect-ratio\"><div class=\"wp-block-embed__wrapper\">\n<script>jQuery(function() {(tarteaucitron.job = tarteaucitron.job || []).push('youtube');});<\/script><div class=\"youtube_player\" videoID=\"OCBr0NeOi1c\" theme=\"light\" rel=\"0\" controls=\"1\" showinfo=\"1\" autoplay=\"0\"><\/div>\n<\/div><\/figure>\n\n\n\n<p class=\"has-text-align-center\"><strong>Pour la communion, afin de respecter les r\u00e8gles sanitaires, le P\u00e8re Georges Passerat a apport\u00e9 la communion \u00e0 tous les fid\u00e8les qui le d\u00e9siraient , \u00e0 leur place \u00e9vitant ainsi tout d\u00e9placement. On voit ensuite la pri\u00e8re finale et l&#8217;Envoi.<\/strong><\/p>\n\n\n\n<figure class=\"wp-block-embed is-type-video is-provider-youtube wp-block-embed-youtube wp-embed-aspect-16-9 wp-has-aspect-ratio\"><div class=\"wp-block-embed__wrapper\">\n<iframe title=\"MESSE de SAINT-BLAISE DE GIMAT: CHANT OCCITAN A MARIE\" width=\"500\" height=\"281\" src=\"https:\/\/www.youtube.com\/embed\/qkyK017yl_w?feature=oembed\" frameborder=\"0\" allow=\"accelerometer; autoplay; clipboard-write; encrypted-media; gyroscope; picture-in-picture; web-share\" referrerpolicy=\"strict-origin-when-cross-origin\" allowfullscreen><\/iframe>\n<\/div><\/figure>\n\n\n\n<p class=\"has-text-align-center\"><strong>Le tr\u00e8s beau chant final \u00e0 Marie interpr\u00e9t\u00e9 par Rose-May et la chorale dirig\u00e9e par Marilys.<\/strong><\/p>\n\n\n\n<p class=\"has-text-align-center\"><em><strong>&nbsp;Merci \u00e0 toutes les personnes qui ont particip\u00e9 \u00e0 la pr\u00e9paration de cette messe de Saint-Blaise \u00e0 Gimat.<\/strong><\/em><\/p>\n\n\n\n<p class=\"has-text-align-center\"><em><strong>Merci au P\u00e8re Georges Passerat d&#8217;avoir c\u00e9l\u00e9br\u00e9 cette messe en occitan, cette langue qui lui colle tellement \u00e0 la peau qu&#8217;elle lui permet de se faire l&#8217;ap\u00f4tre de la bonne parole, fusse-t-elle dans la langue locale.<\/strong><\/em><\/p>\n\n\n\n<p class=\"has-text-align-center\"><em><strong>A la fin de la c\u00e9r\u00e9monie les paroissiens ont pu emporter leur pain ou coque b\u00e9nits.<\/strong><\/em><\/p>\n\n\n\n<h3 class=\"has-text-align-center wp-block-heading\"><strong>ADISHATS A TOTIS \u00e8 a L&#8217;AN QU\u00c9 BENC !!!<\/strong><\/h3>\n","protected":false},"excerpt":{"rendered":"<p>Ce dimanche les fid\u00e8les du secteur pastoral d&#8217;Esparsac se retrouvent pour la traditionnelle messe de Saint-Blaise en l&#8217;\u00e9glise de Gimat. Une \u00e9glise remplie bien s\u00fbr car avec les restrictions sanitaires [&hellip;]<\/p>\n","protected":false},"author":1,"featured_media":345,"comment_status":"open","ping_status":"open","sticky":false,"template":"","format":"standard","meta":{"_acf_changed":false,"footnotes":""},"categories":[1,2],"tags":[],"class_list":["post-338","post","type-post","status-publish","format-standard","has-post-thumbnail","hentry","category-actualites","category-beaumont-de-lomagne-lavit","validated"],"acf":[],"yoast_head":"<!-- This site is optimized with the Yoast SEO plugin v27.3 - https:\/\/yoast.com\/product\/yoast-seo-wordpress\/ -->\n<title>Messe de Saint-Blaise 2021 \u00e0 Gimat - Verdun<\/title>\n<meta name=\"robots\" content=\"index, follow, max-snippet:-1, max-image-preview:large, max-video-preview:-1\" \/>\n<link rel=\"canonical\" href=\"https:\/\/www.diocese-montauban.fr\/verdun\/actualites\/messe-de-saint-blaise-2021-a-gimat\/\" \/>\n<meta property=\"og:locale\" content=\"fr_FR\" \/>\n<meta property=\"og:type\" content=\"article\" \/>\n<meta property=\"og:title\" content=\"Messe de Saint-Blaise 2021 \u00e0 Gimat - Verdun\" \/>\n<meta property=\"og:description\" content=\"Ce dimanche les fid\u00e8les du secteur pastoral d&#8217;Esparsac se retrouvent pour la traditionnelle messe de Saint-Blaise en l&#8217;\u00e9glise de Gimat. Une \u00e9glise remplie bien s\u00fbr car avec les restrictions sanitaires [&hellip;]\" \/>\n<meta property=\"og:url\" content=\"https:\/\/www.diocese-montauban.fr\/verdun\/actualites\/messe-de-saint-blaise-2021-a-gimat\/\" \/>\n<meta property=\"og:site_name\" content=\"Verdun\" \/>\n<meta property=\"article:published_time\" content=\"2021-02-07T13:24:00+00:00\" \/>\n<meta property=\"article:modified_time\" content=\"2021-02-17T13:31:03+00:00\" \/>\n<meta property=\"og:image\" content=\"https:\/\/www.diocese-montauban.fr\/verdun\/wp-content\/uploads\/sites\/5\/2021\/02\/img-2947.jpg\" \/>\n\t<meta property=\"og:image:width\" content=\"1024\" \/>\n\t<meta property=\"og:image:height\" content=\"768\" \/>\n\t<meta property=\"og:image:type\" content=\"image\/jpeg\" \/>\n<meta name=\"author\" content=\"admMon21_Dio\" \/>\n<meta name=\"twitter:card\" content=\"summary_large_image\" \/>\n<meta name=\"twitter:label1\" content=\"\u00c9crit par\" \/>\n\t<meta name=\"twitter:data1\" content=\"admMon21_Dio\" \/>\n\t<meta name=\"twitter:label2\" content=\"Dur\u00e9e de lecture estim\u00e9e\" \/>\n\t<meta name=\"twitter:data2\" content=\"5 minutes\" \/>\n<script type=\"application\/ld+json\" class=\"yoast-schema-graph\">{\"@context\":\"https:\\\/\\\/schema.org\",\"@graph\":[{\"@type\":\"Article\",\"@id\":\"https:\\\/\\\/www.diocese-montauban.fr\\\/verdun\\\/actualites\\\/messe-de-saint-blaise-2021-a-gimat\\\/#article\",\"isPartOf\":{\"@id\":\"https:\\\/\\\/www.diocese-montauban.fr\\\/verdun\\\/actualites\\\/messe-de-saint-blaise-2021-a-gimat\\\/\"},\"author\":{\"name\":\"admMon21_Dio\",\"@id\":\"https:\\\/\\\/www.diocese-montauban.fr\\\/verdun\\\/#\\\/schema\\\/person\\\/71908905324be16efe455ec9373d29ad\"},\"headline\":\"Messe de Saint-Blaise 2021 \u00e0 Gimat\",\"datePublished\":\"2021-02-07T13:24:00+00:00\",\"dateModified\":\"2021-02-17T13:31:03+00:00\",\"mainEntityOfPage\":{\"@id\":\"https:\\\/\\\/www.diocese-montauban.fr\\\/verdun\\\/actualites\\\/messe-de-saint-blaise-2021-a-gimat\\\/\"},\"wordCount\":395,\"commentCount\":0,\"image\":{\"@id\":\"https:\\\/\\\/www.diocese-montauban.fr\\\/verdun\\\/actualites\\\/messe-de-saint-blaise-2021-a-gimat\\\/#primaryimage\"},\"thumbnailUrl\":\"https:\\\/\\\/www.diocese-montauban.fr\\\/verdun\\\/wp-content\\\/uploads\\\/sites\\\/5\\\/2021\\\/02\\\/img-2947.jpg\",\"articleSection\":[\"Actualit\u00e9s\",\"Beaumont de Lomagne-Lavit\"],\"inLanguage\":\"fr-FR\",\"potentialAction\":[{\"@type\":\"CommentAction\",\"name\":\"Comment\",\"target\":[\"https:\\\/\\\/www.diocese-montauban.fr\\\/verdun\\\/actualites\\\/messe-de-saint-blaise-2021-a-gimat\\\/#respond\"]}]},{\"@type\":\"WebPage\",\"@id\":\"https:\\\/\\\/www.diocese-montauban.fr\\\/verdun\\\/actualites\\\/messe-de-saint-blaise-2021-a-gimat\\\/\",\"url\":\"https:\\\/\\\/www.diocese-montauban.fr\\\/verdun\\\/actualites\\\/messe-de-saint-blaise-2021-a-gimat\\\/\",\"name\":\"Messe de Saint-Blaise 2021 \u00e0 Gimat - Verdun\",\"isPartOf\":{\"@id\":\"https:\\\/\\\/www.diocese-montauban.fr\\\/verdun\\\/#website\"},\"primaryImageOfPage\":{\"@id\":\"https:\\\/\\\/www.diocese-montauban.fr\\\/verdun\\\/actualites\\\/messe-de-saint-blaise-2021-a-gimat\\\/#primaryimage\"},\"image\":{\"@id\":\"https:\\\/\\\/www.diocese-montauban.fr\\\/verdun\\\/actualites\\\/messe-de-saint-blaise-2021-a-gimat\\\/#primaryimage\"},\"thumbnailUrl\":\"https:\\\/\\\/www.diocese-montauban.fr\\\/verdun\\\/wp-content\\\/uploads\\\/sites\\\/5\\\/2021\\\/02\\\/img-2947.jpg\",\"datePublished\":\"2021-02-07T13:24:00+00:00\",\"dateModified\":\"2021-02-17T13:31:03+00:00\",\"author\":{\"@id\":\"https:\\\/\\\/www.diocese-montauban.fr\\\/verdun\\\/#\\\/schema\\\/person\\\/71908905324be16efe455ec9373d29ad\"},\"breadcrumb\":{\"@id\":\"https:\\\/\\\/www.diocese-montauban.fr\\\/verdun\\\/actualites\\\/messe-de-saint-blaise-2021-a-gimat\\\/#breadcrumb\"},\"inLanguage\":\"fr-FR\",\"potentialAction\":[{\"@type\":\"ReadAction\",\"target\":[\"https:\\\/\\\/www.diocese-montauban.fr\\\/verdun\\\/actualites\\\/messe-de-saint-blaise-2021-a-gimat\\\/\"]}]},{\"@type\":\"ImageObject\",\"inLanguage\":\"fr-FR\",\"@id\":\"https:\\\/\\\/www.diocese-montauban.fr\\\/verdun\\\/actualites\\\/messe-de-saint-blaise-2021-a-gimat\\\/#primaryimage\",\"url\":\"https:\\\/\\\/www.diocese-montauban.fr\\\/verdun\\\/wp-content\\\/uploads\\\/sites\\\/5\\\/2021\\\/02\\\/img-2947.jpg\",\"contentUrl\":\"https:\\\/\\\/www.diocese-montauban.fr\\\/verdun\\\/wp-content\\\/uploads\\\/sites\\\/5\\\/2021\\\/02\\\/img-2947.jpg\",\"width\":1024,\"height\":768},{\"@type\":\"BreadcrumbList\",\"@id\":\"https:\\\/\\\/www.diocese-montauban.fr\\\/verdun\\\/actualites\\\/messe-de-saint-blaise-2021-a-gimat\\\/#breadcrumb\",\"itemListElement\":[{\"@type\":\"ListItem\",\"position\":1,\"name\":\"Accueil\",\"item\":\"https:\\\/\\\/www.diocese-montauban.fr\\\/verdun\\\/\"},{\"@type\":\"ListItem\",\"position\":2,\"name\":\"Messe de Saint-Blaise 2021 \u00e0 Gimat\"}]},{\"@type\":\"WebSite\",\"@id\":\"https:\\\/\\\/www.diocese-montauban.fr\\\/verdun\\\/#website\",\"url\":\"https:\\\/\\\/www.diocese-montauban.fr\\\/verdun\\\/\",\"name\":\"Verdun\",\"description\":\"Dioc\u00e8se de Montauban\",\"potentialAction\":[{\"@type\":\"SearchAction\",\"target\":{\"@type\":\"EntryPoint\",\"urlTemplate\":\"https:\\\/\\\/www.diocese-montauban.fr\\\/verdun\\\/?s={search_term_string}\"},\"query-input\":{\"@type\":\"PropertyValueSpecification\",\"valueRequired\":true,\"valueName\":\"search_term_string\"}}],\"inLanguage\":\"fr-FR\"},{\"@type\":\"Person\",\"@id\":\"https:\\\/\\\/www.diocese-montauban.fr\\\/verdun\\\/#\\\/schema\\\/person\\\/71908905324be16efe455ec9373d29ad\",\"name\":\"admMon21_Dio\",\"sameAs\":[\"https:\\\/\\\/www.diocese-montauban.fr\"],\"url\":\"https:\\\/\\\/www.diocese-montauban.fr\\\/verdun\\\/author\\\/admmon21_dio\\\/\"}]}<\/script>\n<!-- \/ Yoast SEO plugin. -->","yoast_head_json":{"title":"Messe de Saint-Blaise 2021 \u00e0 Gimat - Verdun","robots":{"index":"index","follow":"follow","max-snippet":"max-snippet:-1","max-image-preview":"max-image-preview:large","max-video-preview":"max-video-preview:-1"},"canonical":"https:\/\/www.diocese-montauban.fr\/verdun\/actualites\/messe-de-saint-blaise-2021-a-gimat\/","og_locale":"fr_FR","og_type":"article","og_title":"Messe de Saint-Blaise 2021 \u00e0 Gimat - Verdun","og_description":"Ce dimanche les fid\u00e8les du secteur pastoral d&#8217;Esparsac se retrouvent pour la traditionnelle messe de Saint-Blaise en l&#8217;\u00e9glise de Gimat. Une \u00e9glise remplie bien s\u00fbr car avec les restrictions sanitaires [&hellip;]","og_url":"https:\/\/www.diocese-montauban.fr\/verdun\/actualites\/messe-de-saint-blaise-2021-a-gimat\/","og_site_name":"Verdun","article_published_time":"2021-02-07T13:24:00+00:00","article_modified_time":"2021-02-17T13:31:03+00:00","og_image":[{"width":1024,"height":768,"url":"https:\/\/www.diocese-montauban.fr\/verdun\/wp-content\/uploads\/sites\/5\/2021\/02\/img-2947.jpg","type":"image\/jpeg"}],"author":"admMon21_Dio","twitter_card":"summary_large_image","twitter_misc":{"\u00c9crit par":"admMon21_Dio","Dur\u00e9e de lecture estim\u00e9e":"5 minutes"},"schema":{"@context":"https:\/\/schema.org","@graph":[{"@type":"Article","@id":"https:\/\/www.diocese-montauban.fr\/verdun\/actualites\/messe-de-saint-blaise-2021-a-gimat\/#article","isPartOf":{"@id":"https:\/\/www.diocese-montauban.fr\/verdun\/actualites\/messe-de-saint-blaise-2021-a-gimat\/"},"author":{"name":"admMon21_Dio","@id":"https:\/\/www.diocese-montauban.fr\/verdun\/#\/schema\/person\/71908905324be16efe455ec9373d29ad"},"headline":"Messe de Saint-Blaise 2021 \u00e0 Gimat","datePublished":"2021-02-07T13:24:00+00:00","dateModified":"2021-02-17T13:31:03+00:00","mainEntityOfPage":{"@id":"https:\/\/www.diocese-montauban.fr\/verdun\/actualites\/messe-de-saint-blaise-2021-a-gimat\/"},"wordCount":395,"commentCount":0,"image":{"@id":"https:\/\/www.diocese-montauban.fr\/verdun\/actualites\/messe-de-saint-blaise-2021-a-gimat\/#primaryimage"},"thumbnailUrl":"https:\/\/www.diocese-montauban.fr\/verdun\/wp-content\/uploads\/sites\/5\/2021\/02\/img-2947.jpg","articleSection":["Actualit\u00e9s","Beaumont de Lomagne-Lavit"],"inLanguage":"fr-FR","potentialAction":[{"@type":"CommentAction","name":"Comment","target":["https:\/\/www.diocese-montauban.fr\/verdun\/actualites\/messe-de-saint-blaise-2021-a-gimat\/#respond"]}]},{"@type":"WebPage","@id":"https:\/\/www.diocese-montauban.fr\/verdun\/actualites\/messe-de-saint-blaise-2021-a-gimat\/","url":"https:\/\/www.diocese-montauban.fr\/verdun\/actualites\/messe-de-saint-blaise-2021-a-gimat\/","name":"Messe de Saint-Blaise 2021 \u00e0 Gimat - Verdun","isPartOf":{"@id":"https:\/\/www.diocese-montauban.fr\/verdun\/#website"},"primaryImageOfPage":{"@id":"https:\/\/www.diocese-montauban.fr\/verdun\/actualites\/messe-de-saint-blaise-2021-a-gimat\/#primaryimage"},"image":{"@id":"https:\/\/www.diocese-montauban.fr\/verdun\/actualites\/messe-de-saint-blaise-2021-a-gimat\/#primaryimage"},"thumbnailUrl":"https:\/\/www.diocese-montauban.fr\/verdun\/wp-content\/uploads\/sites\/5\/2021\/02\/img-2947.jpg","datePublished":"2021-02-07T13:24:00+00:00","dateModified":"2021-02-17T13:31:03+00:00","author":{"@id":"https:\/\/www.diocese-montauban.fr\/verdun\/#\/schema\/person\/71908905324be16efe455ec9373d29ad"},"breadcrumb":{"@id":"https:\/\/www.diocese-montauban.fr\/verdun\/actualites\/messe-de-saint-blaise-2021-a-gimat\/#breadcrumb"},"inLanguage":"fr-FR","potentialAction":[{"@type":"ReadAction","target":["https:\/\/www.diocese-montauban.fr\/verdun\/actualites\/messe-de-saint-blaise-2021-a-gimat\/"]}]},{"@type":"ImageObject","inLanguage":"fr-FR","@id":"https:\/\/www.diocese-montauban.fr\/verdun\/actualites\/messe-de-saint-blaise-2021-a-gimat\/#primaryimage","url":"https:\/\/www.diocese-montauban.fr\/verdun\/wp-content\/uploads\/sites\/5\/2021\/02\/img-2947.jpg","contentUrl":"https:\/\/www.diocese-montauban.fr\/verdun\/wp-content\/uploads\/sites\/5\/2021\/02\/img-2947.jpg","width":1024,"height":768},{"@type":"BreadcrumbList","@id":"https:\/\/www.diocese-montauban.fr\/verdun\/actualites\/messe-de-saint-blaise-2021-a-gimat\/#breadcrumb","itemListElement":[{"@type":"ListItem","position":1,"name":"Accueil","item":"https:\/\/www.diocese-montauban.fr\/verdun\/"},{"@type":"ListItem","position":2,"name":"Messe de Saint-Blaise 2021 \u00e0 Gimat"}]},{"@type":"WebSite","@id":"https:\/\/www.diocese-montauban.fr\/verdun\/#website","url":"https:\/\/www.diocese-montauban.fr\/verdun\/","name":"Verdun","description":"Dioc\u00e8se de Montauban","potentialAction":[{"@type":"SearchAction","target":{"@type":"EntryPoint","urlTemplate":"https:\/\/www.diocese-montauban.fr\/verdun\/?s={search_term_string}"},"query-input":{"@type":"PropertyValueSpecification","valueRequired":true,"valueName":"search_term_string"}}],"inLanguage":"fr-FR"},{"@type":"Person","@id":"https:\/\/www.diocese-montauban.fr\/verdun\/#\/schema\/person\/71908905324be16efe455ec9373d29ad","name":"admMon21_Dio","sameAs":["https:\/\/www.diocese-montauban.fr"],"url":"https:\/\/www.diocese-montauban.fr\/verdun\/author\/admmon21_dio\/"}]}},"_links":{"self":[{"href":"https:\/\/www.diocese-montauban.fr\/verdun\/wp-json\/wp\/v2\/posts\/338","targetHints":{"allow":["GET"]}}],"collection":[{"href":"https:\/\/www.diocese-montauban.fr\/verdun\/wp-json\/wp\/v2\/posts"}],"about":[{"href":"https:\/\/www.diocese-montauban.fr\/verdun\/wp-json\/wp\/v2\/types\/post"}],"author":[{"embeddable":true,"href":"https:\/\/www.diocese-montauban.fr\/verdun\/wp-json\/wp\/v2\/users\/1"}],"replies":[{"embeddable":true,"href":"https:\/\/www.diocese-montauban.fr\/verdun\/wp-json\/wp\/v2\/comments?post=338"}],"version-history":[{"count":1,"href":"https:\/\/www.diocese-montauban.fr\/verdun\/wp-json\/wp\/v2\/posts\/338\/revisions"}],"predecessor-version":[{"id":359,"href":"https:\/\/www.diocese-montauban.fr\/verdun\/wp-json\/wp\/v2\/posts\/338\/revisions\/359"}],"wp:featuredmedia":[{"embeddable":true,"href":"https:\/\/www.diocese-montauban.fr\/verdun\/wp-json\/wp\/v2\/media\/345"}],"wp:attachment":[{"href":"https:\/\/www.diocese-montauban.fr\/verdun\/wp-json\/wp\/v2\/media?parent=338"}],"wp:term":[{"taxonomy":"category","embeddable":true,"href":"https:\/\/www.diocese-montauban.fr\/verdun\/wp-json\/wp\/v2\/categories?post=338"},{"taxonomy":"post_tag","embeddable":true,"href":"https:\/\/www.diocese-montauban.fr\/verdun\/wp-json\/wp\/v2\/tags?post=338"}],"curies":[{"name":"wp","href":"https:\/\/api.w.org\/{rel}","templated":true}]}}