{"id":259,"date":"2020-11-14T14:13:00","date_gmt":"2020-11-14T13:13:00","guid":{"rendered":"https:\/\/www.diocese-montauban.fr\/verdun\/?p=259"},"modified":"2021-02-17T14:15:09","modified_gmt":"2021-02-17T13:15:09","slug":"catechese-en-ligne","status":"publish","type":"post","link":"https:\/\/www.diocese-montauban.fr\/verdun\/actualites\/catechese-en-ligne\/","title":{"rendered":"Cat\u00e9ch\u00e8se en ligne"},"content":{"rendered":"\n<p><strong>du 15 novembre 2020 \u00e0 11h39 au 30 novembre 2020 \u00e0 23h55<br>VOS CAT\u00c9CHISTES VOUS PROPOSENT :<\/strong><\/p>\n\n\n\n<h2 class=\"wp-block-heading\">Semaine du 14 au 22 Novembre 2020<\/h2>\n\n\n\n<div class=\"wp-block-image\"><figure class=\"aligncenter size-large\"><img fetchpriority=\"high\" decoding=\"async\" width=\"724\" height=\"1024\" src=\"https:\/\/www.diocese-montauban.fr\/verdun\/wp-content\/uploads\/sites\/5\/2021\/02\/image-25.jpeg\" alt=\"\" class=\"wp-image-260\" srcset=\"https:\/\/www.diocese-montauban.fr\/verdun\/wp-content\/uploads\/sites\/5\/2021\/02\/image-25.jpeg 724w, https:\/\/www.diocese-montauban.fr\/verdun\/wp-content\/uploads\/sites\/5\/2021\/02\/image-25-424x600.jpeg 424w\" sizes=\"(max-width: 724px) 100vw, 724px\" \/><\/figure><\/div>\n\n\n\n<div class=\"wp-block-image\"><figure class=\"aligncenter size-large\"><img decoding=\"async\" width=\"724\" height=\"1024\" src=\"https:\/\/www.diocese-montauban.fr\/verdun\/wp-content\/uploads\/sites\/5\/2021\/02\/image-26.jpeg\" alt=\"\" class=\"wp-image-261\" srcset=\"https:\/\/www.diocese-montauban.fr\/verdun\/wp-content\/uploads\/sites\/5\/2021\/02\/image-26.jpeg 724w, https:\/\/www.diocese-montauban.fr\/verdun\/wp-content\/uploads\/sites\/5\/2021\/02\/image-26-424x600.jpeg 424w\" sizes=\"(max-width: 724px) 100vw, 724px\" \/><\/figure><\/div>\n\n\n\n<div class=\"wp-block-image\"><figure class=\"aligncenter size-large\"><img decoding=\"async\" width=\"724\" height=\"1024\" src=\"https:\/\/www.diocese-montauban.fr\/verdun\/wp-content\/uploads\/sites\/5\/2021\/02\/image-27.jpeg\" alt=\"\" class=\"wp-image-262\" srcset=\"https:\/\/www.diocese-montauban.fr\/verdun\/wp-content\/uploads\/sites\/5\/2021\/02\/image-27.jpeg 724w, https:\/\/www.diocese-montauban.fr\/verdun\/wp-content\/uploads\/sites\/5\/2021\/02\/image-27-424x600.jpeg 424w\" sizes=\"(max-width: 724px) 100vw, 724px\" \/><\/figure><\/div>\n\n\n\n<div class=\"wp-block-image\"><figure class=\"aligncenter size-large\"><img loading=\"lazy\" decoding=\"async\" width=\"724\" height=\"1024\" src=\"https:\/\/www.diocese-montauban.fr\/verdun\/wp-content\/uploads\/sites\/5\/2021\/02\/image-28.jpeg\" alt=\"\" class=\"wp-image-263\" srcset=\"https:\/\/www.diocese-montauban.fr\/verdun\/wp-content\/uploads\/sites\/5\/2021\/02\/image-28.jpeg 724w, https:\/\/www.diocese-montauban.fr\/verdun\/wp-content\/uploads\/sites\/5\/2021\/02\/image-28-424x600.jpeg 424w\" sizes=\"(max-width: 724px) 100vw, 724px\" \/><\/figure><\/div>\n\n\n\n<div class=\"wp-block-image\"><figure class=\"aligncenter size-large\"><img loading=\"lazy\" decoding=\"async\" width=\"724\" height=\"1024\" src=\"https:\/\/www.diocese-montauban.fr\/verdun\/wp-content\/uploads\/sites\/5\/2021\/02\/image-29.jpeg\" alt=\"\" class=\"wp-image-264\" srcset=\"https:\/\/www.diocese-montauban.fr\/verdun\/wp-content\/uploads\/sites\/5\/2021\/02\/image-29.jpeg 724w, https:\/\/www.diocese-montauban.fr\/verdun\/wp-content\/uploads\/sites\/5\/2021\/02\/image-29-424x600.jpeg 424w\" sizes=\"(max-width: 724px) 100vw, 724px\" \/><\/figure><\/div>\n\n\n\n<div class=\"wp-block-image\"><figure class=\"aligncenter size-large\"><img loading=\"lazy\" decoding=\"async\" width=\"724\" height=\"1024\" src=\"https:\/\/www.diocese-montauban.fr\/verdun\/wp-content\/uploads\/sites\/5\/2021\/02\/image-30.jpeg\" alt=\"\" class=\"wp-image-265\" srcset=\"https:\/\/www.diocese-montauban.fr\/verdun\/wp-content\/uploads\/sites\/5\/2021\/02\/image-30.jpeg 724w, https:\/\/www.diocese-montauban.fr\/verdun\/wp-content\/uploads\/sites\/5\/2021\/02\/image-30-424x600.jpeg 424w\" sizes=\"(max-width: 724px) 100vw, 724px\" \/><\/figure><\/div>\n\n\n\n<div class=\"wp-block-image\"><figure class=\"aligncenter size-large\"><img loading=\"lazy\" decoding=\"async\" width=\"724\" height=\"1024\" src=\"https:\/\/www.diocese-montauban.fr\/verdun\/wp-content\/uploads\/sites\/5\/2021\/02\/image-31.jpeg\" alt=\"\" class=\"wp-image-266\" srcset=\"https:\/\/www.diocese-montauban.fr\/verdun\/wp-content\/uploads\/sites\/5\/2021\/02\/image-31.jpeg 724w, https:\/\/www.diocese-montauban.fr\/verdun\/wp-content\/uploads\/sites\/5\/2021\/02\/image-31-424x600.jpeg 424w\" sizes=\"(max-width: 724px) 100vw, 724px\" \/><\/figure><\/div>\n\n\n\n<p><\/p>\n","protected":false},"excerpt":{"rendered":"<p>du 15 novembre 2020 \u00e0 11h39 au 30 novembre 2020 \u00e0 23h55VOS CAT\u00c9CHISTES VOUS PROPOSENT : Semaine du 14 au 22 Novembre 2020<\/p>\n","protected":false},"author":1,"featured_media":0,"comment_status":"open","ping_status":"open","sticky":false,"template":"","format":"standard","meta":{"_acf_changed":false,"footnotes":""},"categories":[1],"tags":[],"class_list":["post-259","post","type-post","status-publish","format-standard","hentry","category-actualites","validated"],"acf":[],"yoast_head":"<!-- This site is optimized with the Yoast SEO plugin v27.3 - https:\/\/yoast.com\/product\/yoast-seo-wordpress\/ -->\n<title>Cat\u00e9ch\u00e8se en ligne - Verdun<\/title>\n<meta name=\"robots\" content=\"index, follow, max-snippet:-1, max-image-preview:large, max-video-preview:-1\" \/>\n<link rel=\"canonical\" href=\"https:\/\/www.diocese-montauban.fr\/verdun\/actualites\/catechese-en-ligne\/\" \/>\n<meta property=\"og:locale\" content=\"fr_FR\" \/>\n<meta property=\"og:type\" content=\"article\" \/>\n<meta property=\"og:title\" content=\"Cat\u00e9ch\u00e8se en ligne - Verdun\" \/>\n<meta property=\"og:description\" content=\"du 15 novembre 2020 \u00e0 11h39 au 30 novembre 2020 \u00e0 23h55VOS CAT\u00c9CHISTES VOUS PROPOSENT : Semaine du 14 au 22 Novembre 2020\" \/>\n<meta property=\"og:url\" content=\"https:\/\/www.diocese-montauban.fr\/verdun\/actualites\/catechese-en-ligne\/\" \/>\n<meta property=\"og:site_name\" content=\"Verdun\" \/>\n<meta property=\"article:published_time\" content=\"2020-11-14T13:13:00+00:00\" \/>\n<meta property=\"article:modified_time\" content=\"2021-02-17T13:15:09+00:00\" \/>\n<meta property=\"og:image\" content=\"https:\/\/www.diocese-montauban.fr\/verdun\/wp-content\/uploads\/sites\/5\/2021\/02\/image-25.jpeg\" \/>\n<meta name=\"author\" content=\"admMon21_Dio\" \/>\n<meta name=\"twitter:card\" content=\"summary_large_image\" \/>\n<meta name=\"twitter:label1\" content=\"\u00c9crit par\" \/>\n\t<meta name=\"twitter:data1\" content=\"admMon21_Dio\" \/>\n\t<meta name=\"twitter:label2\" content=\"Dur\u00e9e de lecture estim\u00e9e\" \/>\n\t<meta name=\"twitter:data2\" content=\"2 minutes\" \/>\n<script type=\"application\/ld+json\" class=\"yoast-schema-graph\">{\"@context\":\"https:\\\/\\\/schema.org\",\"@graph\":[{\"@type\":\"Article\",\"@id\":\"https:\\\/\\\/www.diocese-montauban.fr\\\/verdun\\\/actualites\\\/catechese-en-ligne\\\/#article\",\"isPartOf\":{\"@id\":\"https:\\\/\\\/www.diocese-montauban.fr\\\/verdun\\\/actualites\\\/catechese-en-ligne\\\/\"},\"author\":{\"name\":\"admMon21_Dio\",\"@id\":\"https:\\\/\\\/www.diocese-montauban.fr\\\/verdun\\\/#\\\/schema\\\/person\\\/71908905324be16efe455ec9373d29ad\"},\"headline\":\"Cat\u00e9ch\u00e8se en ligne\",\"datePublished\":\"2020-11-14T13:13:00+00:00\",\"dateModified\":\"2021-02-17T13:15:09+00:00\",\"mainEntityOfPage\":{\"@id\":\"https:\\\/\\\/www.diocese-montauban.fr\\\/verdun\\\/actualites\\\/catechese-en-ligne\\\/\"},\"wordCount\":20,\"commentCount\":0,\"image\":{\"@id\":\"https:\\\/\\\/www.diocese-montauban.fr\\\/verdun\\\/actualites\\\/catechese-en-ligne\\\/#primaryimage\"},\"thumbnailUrl\":\"https:\\\/\\\/www.diocese-montauban.fr\\\/verdun\\\/wp-content\\\/uploads\\\/sites\\\/5\\\/2021\\\/02\\\/image-25.jpeg\",\"articleSection\":[\"Actualit\u00e9s\"],\"inLanguage\":\"fr-FR\",\"potentialAction\":[{\"@type\":\"CommentAction\",\"name\":\"Comment\",\"target\":[\"https:\\\/\\\/www.diocese-montauban.fr\\\/verdun\\\/actualites\\\/catechese-en-ligne\\\/#respond\"]}]},{\"@type\":\"WebPage\",\"@id\":\"https:\\\/\\\/www.diocese-montauban.fr\\\/verdun\\\/actualites\\\/catechese-en-ligne\\\/\",\"url\":\"https:\\\/\\\/www.diocese-montauban.fr\\\/verdun\\\/actualites\\\/catechese-en-ligne\\\/\",\"name\":\"Cat\u00e9ch\u00e8se en ligne - Verdun\",\"isPartOf\":{\"@id\":\"https:\\\/\\\/www.diocese-montauban.fr\\\/verdun\\\/#website\"},\"primaryImageOfPage\":{\"@id\":\"https:\\\/\\\/www.diocese-montauban.fr\\\/verdun\\\/actualites\\\/catechese-en-ligne\\\/#primaryimage\"},\"image\":{\"@id\":\"https:\\\/\\\/www.diocese-montauban.fr\\\/verdun\\\/actualites\\\/catechese-en-ligne\\\/#primaryimage\"},\"thumbnailUrl\":\"https:\\\/\\\/www.diocese-montauban.fr\\\/verdun\\\/wp-content\\\/uploads\\\/sites\\\/5\\\/2021\\\/02\\\/image-25.jpeg\",\"datePublished\":\"2020-11-14T13:13:00+00:00\",\"dateModified\":\"2021-02-17T13:15:09+00:00\",\"author\":{\"@id\":\"https:\\\/\\\/www.diocese-montauban.fr\\\/verdun\\\/#\\\/schema\\\/person\\\/71908905324be16efe455ec9373d29ad\"},\"breadcrumb\":{\"@id\":\"https:\\\/\\\/www.diocese-montauban.fr\\\/verdun\\\/actualites\\\/catechese-en-ligne\\\/#breadcrumb\"},\"inLanguage\":\"fr-FR\",\"potentialAction\":[{\"@type\":\"ReadAction\",\"target\":[\"https:\\\/\\\/www.diocese-montauban.fr\\\/verdun\\\/actualites\\\/catechese-en-ligne\\\/\"]}]},{\"@type\":\"ImageObject\",\"inLanguage\":\"fr-FR\",\"@id\":\"https:\\\/\\\/www.diocese-montauban.fr\\\/verdun\\\/actualites\\\/catechese-en-ligne\\\/#primaryimage\",\"url\":\"https:\\\/\\\/www.diocese-montauban.fr\\\/verdun\\\/wp-content\\\/uploads\\\/sites\\\/5\\\/2021\\\/02\\\/image-25.jpeg\",\"contentUrl\":\"https:\\\/\\\/www.diocese-montauban.fr\\\/verdun\\\/wp-content\\\/uploads\\\/sites\\\/5\\\/2021\\\/02\\\/image-25.jpeg\",\"width\":724,\"height\":1024},{\"@type\":\"BreadcrumbList\",\"@id\":\"https:\\\/\\\/www.diocese-montauban.fr\\\/verdun\\\/actualites\\\/catechese-en-ligne\\\/#breadcrumb\",\"itemListElement\":[{\"@type\":\"ListItem\",\"position\":1,\"name\":\"Accueil\",\"item\":\"https:\\\/\\\/www.diocese-montauban.fr\\\/verdun\\\/\"},{\"@type\":\"ListItem\",\"position\":2,\"name\":\"Cat\u00e9ch\u00e8se en ligne\"}]},{\"@type\":\"WebSite\",\"@id\":\"https:\\\/\\\/www.diocese-montauban.fr\\\/verdun\\\/#website\",\"url\":\"https:\\\/\\\/www.diocese-montauban.fr\\\/verdun\\\/\",\"name\":\"Verdun\",\"description\":\"Dioc\u00e8se de Montauban\",\"potentialAction\":[{\"@type\":\"SearchAction\",\"target\":{\"@type\":\"EntryPoint\",\"urlTemplate\":\"https:\\\/\\\/www.diocese-montauban.fr\\\/verdun\\\/?s={search_term_string}\"},\"query-input\":{\"@type\":\"PropertyValueSpecification\",\"valueRequired\":true,\"valueName\":\"search_term_string\"}}],\"inLanguage\":\"fr-FR\"},{\"@type\":\"Person\",\"@id\":\"https:\\\/\\\/www.diocese-montauban.fr\\\/verdun\\\/#\\\/schema\\\/person\\\/71908905324be16efe455ec9373d29ad\",\"name\":\"admMon21_Dio\",\"sameAs\":[\"https:\\\/\\\/www.diocese-montauban.fr\"],\"url\":\"https:\\\/\\\/www.diocese-montauban.fr\\\/verdun\\\/author\\\/admmon21_dio\\\/\"}]}<\/script>\n<!-- \/ Yoast SEO plugin. -->","yoast_head_json":{"title":"Cat\u00e9ch\u00e8se en ligne - Verdun","robots":{"index":"index","follow":"follow","max-snippet":"max-snippet:-1","max-image-preview":"max-image-preview:large","max-video-preview":"max-video-preview:-1"},"canonical":"https:\/\/www.diocese-montauban.fr\/verdun\/actualites\/catechese-en-ligne\/","og_locale":"fr_FR","og_type":"article","og_title":"Cat\u00e9ch\u00e8se en ligne - Verdun","og_description":"du 15 novembre 2020 \u00e0 11h39 au 30 novembre 2020 \u00e0 23h55VOS CAT\u00c9CHISTES VOUS PROPOSENT : Semaine du 14 au 22 Novembre 2020","og_url":"https:\/\/www.diocese-montauban.fr\/verdun\/actualites\/catechese-en-ligne\/","og_site_name":"Verdun","article_published_time":"2020-11-14T13:13:00+00:00","article_modified_time":"2021-02-17T13:15:09+00:00","og_image":[{"url":"https:\/\/www.diocese-montauban.fr\/verdun\/wp-content\/uploads\/sites\/5\/2021\/02\/image-25.jpeg","type":"","width":"","height":""}],"author":"admMon21_Dio","twitter_card":"summary_large_image","twitter_misc":{"\u00c9crit par":"admMon21_Dio","Dur\u00e9e de lecture estim\u00e9e":"2 minutes"},"schema":{"@context":"https:\/\/schema.org","@graph":[{"@type":"Article","@id":"https:\/\/www.diocese-montauban.fr\/verdun\/actualites\/catechese-en-ligne\/#article","isPartOf":{"@id":"https:\/\/www.diocese-montauban.fr\/verdun\/actualites\/catechese-en-ligne\/"},"author":{"name":"admMon21_Dio","@id":"https:\/\/www.diocese-montauban.fr\/verdun\/#\/schema\/person\/71908905324be16efe455ec9373d29ad"},"headline":"Cat\u00e9ch\u00e8se en ligne","datePublished":"2020-11-14T13:13:00+00:00","dateModified":"2021-02-17T13:15:09+00:00","mainEntityOfPage":{"@id":"https:\/\/www.diocese-montauban.fr\/verdun\/actualites\/catechese-en-ligne\/"},"wordCount":20,"commentCount":0,"image":{"@id":"https:\/\/www.diocese-montauban.fr\/verdun\/actualites\/catechese-en-ligne\/#primaryimage"},"thumbnailUrl":"https:\/\/www.diocese-montauban.fr\/verdun\/wp-content\/uploads\/sites\/5\/2021\/02\/image-25.jpeg","articleSection":["Actualit\u00e9s"],"inLanguage":"fr-FR","potentialAction":[{"@type":"CommentAction","name":"Comment","target":["https:\/\/www.diocese-montauban.fr\/verdun\/actualites\/catechese-en-ligne\/#respond"]}]},{"@type":"WebPage","@id":"https:\/\/www.diocese-montauban.fr\/verdun\/actualites\/catechese-en-ligne\/","url":"https:\/\/www.diocese-montauban.fr\/verdun\/actualites\/catechese-en-ligne\/","name":"Cat\u00e9ch\u00e8se en ligne - Verdun","isPartOf":{"@id":"https:\/\/www.diocese-montauban.fr\/verdun\/#website"},"primaryImageOfPage":{"@id":"https:\/\/www.diocese-montauban.fr\/verdun\/actualites\/catechese-en-ligne\/#primaryimage"},"image":{"@id":"https:\/\/www.diocese-montauban.fr\/verdun\/actualites\/catechese-en-ligne\/#primaryimage"},"thumbnailUrl":"https:\/\/www.diocese-montauban.fr\/verdun\/wp-content\/uploads\/sites\/5\/2021\/02\/image-25.jpeg","datePublished":"2020-11-14T13:13:00+00:00","dateModified":"2021-02-17T13:15:09+00:00","author":{"@id":"https:\/\/www.diocese-montauban.fr\/verdun\/#\/schema\/person\/71908905324be16efe455ec9373d29ad"},"breadcrumb":{"@id":"https:\/\/www.diocese-montauban.fr\/verdun\/actualites\/catechese-en-ligne\/#breadcrumb"},"inLanguage":"fr-FR","potentialAction":[{"@type":"ReadAction","target":["https:\/\/www.diocese-montauban.fr\/verdun\/actualites\/catechese-en-ligne\/"]}]},{"@type":"ImageObject","inLanguage":"fr-FR","@id":"https:\/\/www.diocese-montauban.fr\/verdun\/actualites\/catechese-en-ligne\/#primaryimage","url":"https:\/\/www.diocese-montauban.fr\/verdun\/wp-content\/uploads\/sites\/5\/2021\/02\/image-25.jpeg","contentUrl":"https:\/\/www.diocese-montauban.fr\/verdun\/wp-content\/uploads\/sites\/5\/2021\/02\/image-25.jpeg","width":724,"height":1024},{"@type":"BreadcrumbList","@id":"https:\/\/www.diocese-montauban.fr\/verdun\/actualites\/catechese-en-ligne\/#breadcrumb","itemListElement":[{"@type":"ListItem","position":1,"name":"Accueil","item":"https:\/\/www.diocese-montauban.fr\/verdun\/"},{"@type":"ListItem","position":2,"name":"Cat\u00e9ch\u00e8se en ligne"}]},{"@type":"WebSite","@id":"https:\/\/www.diocese-montauban.fr\/verdun\/#website","url":"https:\/\/www.diocese-montauban.fr\/verdun\/","name":"Verdun","description":"Dioc\u00e8se de Montauban","potentialAction":[{"@type":"SearchAction","target":{"@type":"EntryPoint","urlTemplate":"https:\/\/www.diocese-montauban.fr\/verdun\/?s={search_term_string}"},"query-input":{"@type":"PropertyValueSpecification","valueRequired":true,"valueName":"search_term_string"}}],"inLanguage":"fr-FR"},{"@type":"Person","@id":"https:\/\/www.diocese-montauban.fr\/verdun\/#\/schema\/person\/71908905324be16efe455ec9373d29ad","name":"admMon21_Dio","sameAs":["https:\/\/www.diocese-montauban.fr"],"url":"https:\/\/www.diocese-montauban.fr\/verdun\/author\/admmon21_dio\/"}]}},"_links":{"self":[{"href":"https:\/\/www.diocese-montauban.fr\/verdun\/wp-json\/wp\/v2\/posts\/259","targetHints":{"allow":["GET"]}}],"collection":[{"href":"https:\/\/www.diocese-montauban.fr\/verdun\/wp-json\/wp\/v2\/posts"}],"about":[{"href":"https:\/\/www.diocese-montauban.fr\/verdun\/wp-json\/wp\/v2\/types\/post"}],"author":[{"embeddable":true,"href":"https:\/\/www.diocese-montauban.fr\/verdun\/wp-json\/wp\/v2\/users\/1"}],"replies":[{"embeddable":true,"href":"https:\/\/www.diocese-montauban.fr\/verdun\/wp-json\/wp\/v2\/comments?post=259"}],"version-history":[{"count":1,"href":"https:\/\/www.diocese-montauban.fr\/verdun\/wp-json\/wp\/v2\/posts\/259\/revisions"}],"predecessor-version":[{"id":267,"href":"https:\/\/www.diocese-montauban.fr\/verdun\/wp-json\/wp\/v2\/posts\/259\/revisions\/267"}],"wp:attachment":[{"href":"https:\/\/www.diocese-montauban.fr\/verdun\/wp-json\/wp\/v2\/media?parent=259"}],"wp:term":[{"taxonomy":"category","embeddable":true,"href":"https:\/\/www.diocese-montauban.fr\/verdun\/wp-json\/wp\/v2\/categories?post=259"},{"taxonomy":"post_tag","embeddable":true,"href":"https:\/\/www.diocese-montauban.fr\/verdun\/wp-json\/wp\/v2\/tags?post=259"}],"curies":[{"name":"wp","href":"https:\/\/api.w.org\/{rel}","templated":true}]}}